{"id":53,"date":"2020-08-18T02:55:18","date_gmt":"2020-08-18T00:55:18","guid":{"rendered":"https:\/\/film.nu\/nyhet\/?p=53"},"modified":"2020-08-28T20:58:37","modified_gmt":"2020-08-28T18:58:37","slug":"for-all-mankind-fortsatter-spela-in-sasong-2","status":"publish","type":"post","link":"https:\/\/film.nu\/nyhet\/for-all-mankind-fortsatter-spela-in-sasong-2\/","title":{"rendered":"For All Mankind forts\u00e4tter spela in s\u00e4song 2"},"content":{"rendered":"<p>N\u00e4r inspelningarna av n\u00e4stan alla filmer och TV-serier sattes p\u00e5 paus tidigare i \u00e5r p\u00e5 grund av coronapandemin, hade For All Mankind tv\u00e5 avsnitt av andra s\u00e4songen kvar att spela in.<\/p>\n<p>Serien f\u00f6rest\u00e4ller sig hur v\u00e4rlden skulle ha sett ut om den internationella rymdkappl\u00f6pningen aldrig hade f\u00e5tt ett slut, och rymdprogrammet fortsatt att vara en prioritet f\u00f6r USA. Historien ber\u00e4ttas genom skildringar av liven f\u00f6r astronauter, ingenj\u00f6rer och deras familjer.<\/p>\n<p>I huvudrollen ses svenske <a href=\"https:\/\/film.nu\/personer\/joel-kinnaman\/1010147.film\">Joel Kinnaman<\/a>. F\u00f6rsta s\u00e4songen finns att streama p\u00e5 <a href=\"https:\/\/tv.apple.com\/us\/show\/for-all-mankind\/umc.cmc.6wsi780sz5tdbqcf11k76mkp7\">Apple TV+<\/a>.<\/p>\n","protected":false},"excerpt":{"rendered":"<p>Trots p\u00e5g\u00e5ende pandemi \u00e5terupptogs inspelningarna av andra s\u00e4songen av For All Mankind ig\u00e5r.<\/p>\n","protected":false},"author":2,"featured_media":0,"comment_status":"open","ping_status":"open","sticky":false,"template":"","format":"aside","meta":{"footnotes":""},"categories":[9],"tags":[4,45,44,34,39],"class_list":["post-53","post","type-post","status-publish","format-aside","hentry","category-tv","tag-apple-tv-plus","tag-for-all-mankind","tag-joel-kinnaman","tag-tv","tag-usa","post_format-post-format-aside","odd"],"custom_fields":{"youtube_id":"U48vnfP0Rjo","featured_image":"https:\/\/img.youtube.com\/vi\/U48vnfP0Rjo\/maxresdefault.jpg","featured_image_thumb":"https:\/\/img.youtube.com\/vi\/U48vnfP0Rjo\/mqdefault.jpg","featured_image_text":"Stillbild fr\u00e5n video via YouTubes API","blurb":"Trots corona","title":"For All Mankind forts\u00e4tter spela in s\u00e4song 2","excerpt":"Trots p\u00e5g\u00e5ende pandemi \u00e5terupptogs inspelningarna av andra s\u00e4songen av For All Mankind ig\u00e5r.","content":"N\u00e4r inspelningarna av n\u00e4stan alla filmer och TV-serier sattes p\u00e5 paus tidigare i \u00e5r p\u00e5 grund av coronapandemin, hade For All Mankind tv\u00e5 avsnitt av andra s\u00e4songen kvar att spela in.\r\n\r\nSerien f\u00f6rest\u00e4ller sig hur v\u00e4rlden skulle ha sett ut om den internationella rymdkappl\u00f6pningen aldrig hade f\u00e5tt ett slut, och rymdprogrammet fortsatt att vara en prioritet f\u00f6r USA. Historien ber\u00e4ttas genom skildringar av liven f\u00f6r astronauter, ingenj\u00f6rer och deras familjer.\r\n\r\nI huvudrollen ses svenske <a href=\"https:\/\/film.nu\/personer\/joel-kinnaman\/1010147.film\">Joel Kinnaman<\/a>. F\u00f6rsta s\u00e4songen finns att streama p\u00e5 <a href=\"https:\/\/tv.apple.com\/us\/show\/for-all-mankind\/umc.cmc.6wsi780sz5tdbqcf11k76mkp7\">Apple TV+<\/a>."},"_links":{"self":[{"href":"https:\/\/film.nu\/nyhet\/wp-json\/wp\/v2\/posts\/53","targetHints":{"allow":["GET"]}}],"collection":[{"href":"https:\/\/film.nu\/nyhet\/wp-json\/wp\/v2\/posts"}],"about":[{"href":"https:\/\/film.nu\/nyhet\/wp-json\/wp\/v2\/types\/post"}],"author":[{"embeddable":true,"href":"https:\/\/film.nu\/nyhet\/wp-json\/wp\/v2\/users\/2"}],"replies":[{"embeddable":true,"href":"https:\/\/film.nu\/nyhet\/wp-json\/wp\/v2\/comments?post=53"}],"version-history":[{"count":12,"href":"https:\/\/film.nu\/nyhet\/wp-json\/wp\/v2\/posts\/53\/revisions"}],"predecessor-version":[{"id":74,"href":"https:\/\/film.nu\/nyhet\/wp-json\/wp\/v2\/posts\/53\/revisions\/74"}],"wp:attachment":[{"href":"https:\/\/film.nu\/nyhet\/wp-json\/wp\/v2\/media?parent=53"}],"wp:term":[{"taxonomy":"category","embeddable":true,"href":"https:\/\/film.nu\/nyhet\/wp-json\/wp\/v2\/categories?post=53"},{"taxonomy":"post_tag","embeddable":true,"href":"https:\/\/film.nu\/nyhet\/wp-json\/wp\/v2\/tags?post=53"}],"curies":[{"name":"wp","href":"https:\/\/api.w.org\/{rel}","templated":true}]}}